{"id":4536,"date":"2007-06-07T04:43:43","date_gmt":"2007-06-07T04:43:43","guid":{"rendered":"http:\/\/pumpenhaus.hvm01.cows.de\/?p=4536"},"modified":"2007-06-07T04:43:43","modified_gmt":"2007-06-07T04:43:43","slug":"taz-auf-hochtouren-in-nrw-der-nachste-krieg-kommt","status":"publish","type":"post","link":"https:\/\/alt.pumpenhaus.de\/archiv\/4536\/","title":{"rendered":"taz auf Hochtouren in NRW &#8211; \u00bbDer n\u00e4chste Krieg kommt.\u00ab"},"content":{"rendered":"<div id=\"head2\">07.06.2007<br \/>Politik<\/div>\n<div id=\"head3\">\u00bbDer n\u00e4chste Krieg kommt.\u00ab<\/div>\n<div><p>taz auf Hochtouren in NRW<\/p><\/div>\n<div>\n<div><strong><strong><img loading=\"lazy\" class=\"alignleft size-full wp-image-4537\" style=\" margin-right: 8px; margin-bottom: 4px;\" title=\"41_1\" src=\"https:\/\/www.pumpenhaus.de\/archiv\/wp-content\/uploads\/2012\/12\/41_1.jpg\" alt=\"\" width=\"163\" height=\"226\" \/><\/strong><\/strong><\/p>\n<div>\n<div>\n<p><strong>Ein Schlagabtausch mit G\u00e4sten.<\/strong><\/p>\n<p>Die taz ist auf Hochtouren. Dabeilegt sie einen Stopp bei uns ein und l\u00e4dt zum gro\u00dfen Gedankenaustausch mit illustren G\u00e4sten zu einem existentiellen Thema: Der n\u00e4chste Krieg kommt. Auf dem spannend besetzten Podium ringen kluge K\u00f6pfe um Antworten auf die Frage Sind wir noch zu retten? taz-Uno-Korrespondent Andreas Zumach erkl\u00e4rt vor dem G8-Gipfel die Lage der Welt. Er ist internationaler Korrespondent der tageszeitung und weiterer Zeitungen und Rundfunksender bei der UNO in Genf. Zumach, Jahrgang 1956, verfolgt die Entwicklung des V\u00f6lkerrechts und der internationalen Organisationen seit mehr als 17 Jahren und ist bekannt f\u00fcr seine kenntnisreichen Hintergrundberichte und Analysen. 1997 erschien sein Buch Vereinte Nationen und 2003 der gemeinsam mit Hans von Sponeck verfasste Titel Irak \u2013 Chronik eines gewollten Krieges. Sein j\u00fcngstes Buch hei\u00dft Die kommenden Kriege. Die UNO ist seit dem Irakkrieg geschw\u00e4cht. Amerika h\u00e4lt an seiner Pr\u00e4ventivkriegdoktrin fest. Europa tr\u00e4umt von politischer Emanzipation durch milit\u00e4rische St\u00e4rke. Das Ende des \u00d6lzeitalters ist absehbar \u2013 bei wachsendem Energiebedarf weltweit. Gehen wir einer Epoche der Kriege um Ressourcen und Menschenrechte entgegen?<\/p>\n<\/div>\n<div>Eintritt frei \/<\/div>\n<\/div>\n<\/div>\n<div>\u00a0<\/div>\n<div>VERANSTALTER\u00a0taz-NRW und Theater im Pumpenhaus in Kooperation mit dem ASTA der WWU M\u00fcnster<\/div>\n<\/div>\n<div class=\"fcbkbttn_buttons_block\" id=\"fcbkbttn_left\"><\/div>","protected":false},"excerpt":{"rendered":"<p>Politik Ein Schlagabtausch mit G\u00e4sten. Die taz ist auf Hochtouren. Dabeilegt sie einen Stopp bei uns ein und l\u00e4dt zum gro\u00dfen Gedankenaustausch mit illustren G\u00e4sten zu einem existentiellen Thema: Der n\u00e4chste Krieg kommt. Auf dem spannend besetzten Podium ringen kluge K\u00f6pfe um Antworten auf die Frage Sind wir noch zu retten? taz-Uno-Korrespondent Andreas Zumach erkl\u00e4rt&#8230;<\/p>\n","protected":false},"author":2,"featured_media":0,"comment_status":"closed","ping_status":"open","sticky":false,"template":"","format":"standard","meta":{"ngg_post_thumbnail":0},"categories":[8],"tags":[],"acf":[],"_links":{"self":[{"href":"https:\/\/alt.pumpenhaus.de\/archiv\/wp-json\/wp\/v2\/posts\/4536"}],"collection":[{"href":"https:\/\/alt.pumpenhaus.de\/archiv\/wp-json\/wp\/v2\/posts"}],"about":[{"href":"https:\/\/alt.pumpenhaus.de\/archiv\/wp-json\/wp\/v2\/types\/post"}],"author":[{"embeddable":true,"href":"https:\/\/alt.pumpenhaus.de\/archiv\/wp-json\/wp\/v2\/users\/2"}],"replies":[{"embeddable":true,"href":"https:\/\/alt.pumpenhaus.de\/archiv\/wp-json\/wp\/v2\/comments?post=4536"}],"version-history":[{"count":0,"href":"https:\/\/alt.pumpenhaus.de\/archiv\/wp-json\/wp\/v2\/posts\/4536\/revisions"}],"wp:attachment":[{"href":"https:\/\/alt.pumpenhaus.de\/archiv\/wp-json\/wp\/v2\/media?parent=4536"}],"wp:term":[{"taxonomy":"category","embeddable":true,"href":"https:\/\/alt.pumpenhaus.de\/archiv\/wp-json\/wp\/v2\/categories?post=4536"},{"taxonomy":"post_tag","embeddable":true,"href":"https:\/\/alt.pumpenhaus.de\/archiv\/wp-json\/wp\/v2\/tags?post=4536"}],"curies":[{"name":"wp","href":"https:\/\/api.w.org\/{rel}","templated":true}]}}