{"id":35305,"date":"2020-11-13T14:35:21","date_gmt":"2020-11-13T13:35:21","guid":{"rendered":"http:\/\/www.pumpenhaus.de\/?p=35305"},"modified":"2021-01-02T08:22:47","modified_gmt":"2021-01-02T07:22:47","slug":"hajusom-hamburg-silmande-2-3-5-3-2-5-4-2-3-2-2-5-2-6-4-2-4-4-2-5-2-2-2-2-3-3-2-3-2-2-2-2-7","status":"publish","type":"post","link":"https:\/\/alt.pumpenhaus.de\/archiv\/35305\/","title":{"rendered":"Till Wyler von Ballmoos | Vom G\u00e4rtnern und T\u00f6ten"},"content":{"rendered":"<div id=\"gal\">\n<div><\/div>\n<div id=\"head2\">Performance\/ Gardeningworkshop | Fr 13. - So 15. November | 20 Uhr<\/div>\n<div id=\"head3\"><p><span style=\"font-size: 20px;\">Till Wyler von Ballmoos <\/span><\/p>\n<\/div>\n<div id=\"head3a\">Schweiz \/ Deutschland<\/div>\n<div id=\"head4a\">Vom G\u00e4rtnern und T\u00f6ten  <\/div>\n<div id=\"txt_oben\"><p><span style=\"font-size: 14px; color: #ff0000;\"><span style=\"color: #000000;\">David Hohl ist Schweizer und Entwicklungshelfer. In dieser Reihenfolge. Selbst als in Ruanda der V\u00f6lkermord der Hutu an den Tutsi l\u00e4ngst apokalyptische Ausma\u00dfe angenommen hat, folgt er dem Protokoll von Gr\u00fcndlichkeit und Ordnung. Und macht sich damit schuldig. Wie der gesamte Westen. Der Roman \u201eHundert Tage\u201c des Autors Lukas B\u00e4rfuss erz\u00e4hlt die Geschichte eines moralischen Irrtums. Deren zentralen Konflikt macht der Schweizer K\u00fcnstler Till Wyler von Ballmoos jetzt auf bemerkenswerte Weise erlebbar. Seine Performance VOM G\u00c4RTNERN UND T\u00d6TEN l\u00e4dt die Besucher zum Gardeningworkshop ein. Zum J\u00e4ten, Stutzen, Hegen und Pflegen. In einer G\u00e4rtnerei in unmittelbarer Nachbarschaft des Pumpenhauses werden am Beispiel des gr\u00fcnen Kultursystems Fragen von existenzieller Dringlichkeit verhandelt. Es geht um Daseinsberechtigung, im Gro\u00dfen wie im Kleinen. Um Eingriffe, Gestaltung, Grenzen. Was darf wachsen, was muss weg? Wer bestimmt dar\u00fcber? Und: was geschieht, nachdem die G\u00e4rtner gegangen sind?<\/span><\/span><\/p>\n<\/div>\n<div id=\"txt_unten\"><p><strong>K\u00fcnstlerische Leitung und Performance\u00a0<\/strong>Till Wyler von Ballmoos<strong>\u00a0Performance<\/strong>\u00a0Stella Maria Adorf, Isabel Lehnen\u00a0\u00a0Texte\u00a0Lukas B\u00e4rfuss <strong>Dramaturgie<\/strong>\u00a0J\u00f6rg Albrecht <strong>H\u00f6rspielfassung\u00a0<\/strong>Jan Sneijder <strong>Szenografie <\/strong>Harald Humberg<\/p>\n<p><em>Vom G\u00e4rtnern und T\u00f6ten<\/em>\u00a0ist entstanden im Rahmen von\u00a0<em>Keine Sorge\/Don\u2019t Care,<\/em>\u00a0welches ein Projekt von\u00a0<em>Burg H\u00fclshoff \u2013 Center for Literature<\/em>\u00a0ist, <strong>gef\u00f6rdert durch<\/strong> die Kunststiftung NRW und das Ministerium f\u00fcr Kultur und Wissenschaft des Landes NRW im Programm\u00a0<em>Regionale Kulturpolitik<\/em><\/p>\n<\/div>\n<div>\u00a0<\/div>\n<p><img class=\"w-full\" src=\"https:\/\/www.localticketing.de\/_nuxt\/img\/fe32011.svg\" alt=\"LocalTicketing.de\" width=\"180\" height=\"26\" \/><\/p>\n<p>Tickets demn\u00e4chst erh\u00e4ltlich f\u00fcr folgende Termine:<\/p>\n<p>Freitag, 13. November - 20 Uhr<br \/>\nSamstag, 14. November - 20 Uhr<br \/>\nSonntag, 15. November - 20 Uhr<br \/>\n<br \/>\nIm Vorverkauf: 13,- Euro \/ 8,- Euro erm\u00e4\u00dfigt zzgl. Geb\u00fchr<br \/>\n<br \/>\n<\/p>\n<div class=\"fcbkbttn_buttons_block\" id=\"fcbkbttn_left\"><\/div>\n<\/div>\n<div class=\"fcbkbttn_buttons_block\" id=\"fcbkbttn_left\"><\/div>","protected":false},"excerpt":{"rendered":"<p>\u00a0<\/p>\n","protected":false},"author":1,"featured_media":0,"comment_status":"closed","ping_status":"closed","sticky":false,"template":"","format":"standard","meta":{"ngg_post_thumbnail":0},"categories":[23],"tags":[],"acf":[],"_links":{"self":[{"href":"https:\/\/alt.pumpenhaus.de\/archiv\/wp-json\/wp\/v2\/posts\/35305"}],"collection":[{"href":"https:\/\/alt.pumpenhaus.de\/archiv\/wp-json\/wp\/v2\/posts"}],"about":[{"href":"https:\/\/alt.pumpenhaus.de\/archiv\/wp-json\/wp\/v2\/types\/post"}],"author":[{"embeddable":true,"href":"https:\/\/alt.pumpenhaus.de\/archiv\/wp-json\/wp\/v2\/users\/1"}],"replies":[{"embeddable":true,"href":"https:\/\/alt.pumpenhaus.de\/archiv\/wp-json\/wp\/v2\/comments?post=35305"}],"version-history":[{"count":1,"href":"https:\/\/alt.pumpenhaus.de\/archiv\/wp-json\/wp\/v2\/posts\/35305\/revisions"}],"predecessor-version":[{"id":35343,"href":"https:\/\/alt.pumpenhaus.de\/archiv\/wp-json\/wp\/v2\/posts\/35305\/revisions\/35343"}],"wp:attachment":[{"href":"https:\/\/alt.pumpenhaus.de\/archiv\/wp-json\/wp\/v2\/media?parent=35305"}],"wp:term":[{"taxonomy":"category","embeddable":true,"href":"https:\/\/alt.pumpenhaus.de\/archiv\/wp-json\/wp\/v2\/categories?post=35305"},{"taxonomy":"post_tag","embeddable":true,"href":"https:\/\/alt.pumpenhaus.de\/archiv\/wp-json\/wp\/v2\/tags?post=35305"}],"curies":[{"name":"wp","href":"https:\/\/api.w.org\/{rel}","templated":true}]}}