{"id":34821,"date":"2020-09-25T14:35:21","date_gmt":"2020-09-25T12:35:21","guid":{"rendered":"http:\/\/www.pumpenhaus.de\/?p=34821"},"modified":"2021-01-02T07:50:30","modified_gmt":"2021-01-02T06:50:30","slug":"hajusom-hamburg-silmande-2-3-5-3-2-5-4-2-3-2-2-5-2-6-4-2-4-4-2-5-2-2-2-2-3-3-3-2","status":"publish","type":"post","link":"https:\/\/alt.pumpenhaus.de\/archiv\/34821\/","title":{"rendered":"Studio musikFabrik | RESONANZEN DES SOMMERS"},"content":{"rendered":"<div id=\"gal\">\n<div><\/div>\n<div id=\"head2\">Konzert | Fr. 25. September | 20 Uhr<\/div>\n<div id=\"head3\"><p><span style=\"font-size: 20px;\">GNM pr\u00e4sentiert: Studio musikFabrik<br \/>\n<\/span><\/p>\n<\/div>\n<div id=\"head3a\">K\u00f6ln<\/div>\n<div id=\"head4a\">RESONANZEN DES SOMMERS<\/div>\n<div id=\"txt_oben\"><p><span style=\"font-size: 16px; color: #ff0000;\"><span style=\"color: #000000;\">Wenn das Wort \u201eNachwuchs\u201c f\u00e4llt, denkt nicht jeder gleich an K\u00f6nnerschaft. Zeit, den Horizont zu \u00f6ffnen! Das K\u00f6lner Studio musikFabrik beweist mit seinen Konzerten regelm\u00e4\u00dfig, dass Jugend keinen Bonus braucht. Mag am Konzept liegen. Denn der Elite-Nachwuchs \u2013 Musiker zwischen 14 und 21, die erfolgreich an Wettbewerben teilgenommen oder schon Kammmermusik-Erfahrung auf hohem Niveau haben \u2013 spielt und lernt hier angedockt ans Profi-Ensemble. Und es liegt sicher am Leiter. Peter Veale, geb\u00fcrtiger Neuseel\u00e4nder, ist nicht nur eine Koryph\u00e4e an der Oboe. Sondern auch ein exzellenter Lehrer. Jetzt kommt Studio musikFabrik \u2013 international zwischen Bangkok, Chicago und Havanna unterwegs \u2013 zum Gastspiel ins Pumpenhaus. RESONANZEN DES SOMMERS verspricht Neue Musik vom Feinsten: Mit Werken von George Crumb (\u201eMusic for a summer evening\u201c), Sofia Gubaidulina (\u201eLied ohne Worte\u201c), oder Malika Kishino (\u201eVagues Des Passions\u201c). Ein Konzert von K\u00f6nnern \u2013 f\u00fcr alle offenen Ohren.<\/span><\/span><\/p>\n<\/div>\n<div id=\"txt_unten\"><p><strong>Mit <\/strong>Peter Veale und dem Ensemble von Studio musikFabrik<\/p>\n<\/div>\n<div>\u00a0<\/div>\n<p><img class=\"w-full\" src=\"https:\/\/www.localticketing.de\/_nuxt\/img\/fe32011.svg\" alt=\"LocalTicketing.de\" width=\"180\" height=\"26\" \/><\/p>\n<p>Tickets:<\/p>\n<p><a href=\"https:\/\/www.localticketing.de\/events\/28873-gnm-prasentiert-resonanzen-des-sommers\" target=\"_blank\" rel=\"noopener\">Freitag, 25. September 2020 - 20 Uhr<\/a><\/p>\n<p>Im Vorverkauf: 13,- Euro \/ 8,- Euro erm\u00e4\u00dfigt zzgl. Geb\u00fchr<\/p>\n<p>&nbsp;<\/p>\n<div class=\"fcbkbttn_buttons_block\" id=\"fcbkbttn_left\"><\/div>\n<\/div>\n<div class=\"fcbkbttn_buttons_block\" id=\"fcbkbttn_left\"><\/div>","protected":false},"excerpt":{"rendered":"<p>\u00a0<\/p>\n","protected":false},"author":1,"featured_media":0,"comment_status":"closed","ping_status":"closed","sticky":false,"template":"","format":"standard","meta":{"ngg_post_thumbnail":0},"categories":[23],"tags":[],"acf":[],"_links":{"self":[{"href":"https:\/\/alt.pumpenhaus.de\/archiv\/wp-json\/wp\/v2\/posts\/34821"}],"collection":[{"href":"https:\/\/alt.pumpenhaus.de\/archiv\/wp-json\/wp\/v2\/posts"}],"about":[{"href":"https:\/\/alt.pumpenhaus.de\/archiv\/wp-json\/wp\/v2\/types\/post"}],"author":[{"embeddable":true,"href":"https:\/\/alt.pumpenhaus.de\/archiv\/wp-json\/wp\/v2\/users\/1"}],"replies":[{"embeddable":true,"href":"https:\/\/alt.pumpenhaus.de\/archiv\/wp-json\/wp\/v2\/comments?post=34821"}],"version-history":[{"count":1,"href":"https:\/\/alt.pumpenhaus.de\/archiv\/wp-json\/wp\/v2\/posts\/34821\/revisions"}],"predecessor-version":[{"id":35331,"href":"https:\/\/alt.pumpenhaus.de\/archiv\/wp-json\/wp\/v2\/posts\/34821\/revisions\/35331"}],"wp:attachment":[{"href":"https:\/\/alt.pumpenhaus.de\/archiv\/wp-json\/wp\/v2\/media?parent=34821"}],"wp:term":[{"taxonomy":"category","embeddable":true,"href":"https:\/\/alt.pumpenhaus.de\/archiv\/wp-json\/wp\/v2\/categories?post=34821"},{"taxonomy":"post_tag","embeddable":true,"href":"https:\/\/alt.pumpenhaus.de\/archiv\/wp-json\/wp\/v2\/tags?post=34821"}],"curies":[{"name":"wp","href":"https:\/\/api.w.org\/{rel}","templated":true}]}}