{"id":33910,"date":"2019-11-17T14:35:21","date_gmt":"2019-11-17T13:35:21","guid":{"rendered":"http:\/\/www.pumpenhaus.de\/?p=33910"},"modified":"2019-11-17T14:35:21","modified_gmt":"2019-11-17T13:35:21","slug":"hajusom-hamburg-silmande-2-3-5-3-2-5-4-2-3-2-2-5-2-6-4-2-4-4-2-6-2-2","status":"publish","type":"post","link":"https:\/\/alt.pumpenhaus.de\/archiv\/33910\/","title":{"rendered":"GLOSTER Productions | SCHRECKLICH? \u2013 M\u00c4NNLICH? \u2013 MORITZ!"},"content":{"rendered":"<div id=\"gal\">\n<div><\/div>\n<div id=\"head2\">Matinee | So 17. November, 11 bis 15 Uhr, Theatertreff des Theaters M\u00fcnster<\/div>\n<div id=\"head3\"><p>GLOSTER Productions<\/p>\n<\/div>\n<div id=\"head3a\">M\u00fcnster<\/div>\n<div id=\"head4a\">SCHRECKLICH? \u2013 M\u00c4NNLICH? \u2013 MORITZ!<\/div>\n<div id=\"txt_oben\"><p>&#8220;Karl Philipp Moritz (1756-1793) war ein wirkungsvoller Vertreter der deutschen Sp\u00e4taufkl\u00e4rung, dessen Leistungen es wert sind, vor dem Vergessen bewahrt zu werden&#8221;, schrieb der M\u00fcnsteraner Moritz-Kenner Klaus Becker, Autor des in Anlehnung an die Funk-Essays Arno Schmidts geschriebenen Dialogs &#8220;Schrecklich? &#8211; M\u00e4nnlich? &#8211; Moritz!&#8221;. In dem von Carla Becker und Carsten Bender gelesenen Dialog geht Becker der Frage nach, inwiefern Moritz den ihm von Schmidt zuerkannten Titel &#8220;Literarischer Schreckensmann&#8221; zu Recht tr\u00e4gt. In den Leseteil sind wissenschaftliche Kurzvortr\u00e4ge eingewoben: Prof. Hans-Albrecht Koch, Bremen\/ Berlin (Philologe): Moritz\u2018 geistige Welt; Prof. Hans-Georg Hofer, M\u00fcnster (Medizinhistoriker): Moritz und die Grundlagen der Psychopathologie; Prof. Gabriella Rovagnati, Mailand (Germanistin und literarische \u00dcbersetzerin): Von Andreas Hartknopf zur Jazz-Musik.<\/p>\n<\/div>\n<div id=\"txt_unten\"><p><strong>Lesung <\/strong>Carla Becker, Carsten Bender <strong>Kurzvortr\u00e4ge <\/strong>Prof. Hans-Albrecht Koch, Prof. Hans-Georg Hofer, Prof. Gabriella Rovagnati <strong>Sounds und Tontechnik <\/strong>Hirzel Hirzelnsen <strong>Produktion <\/strong>GLOSTER <strong>Koproduktion <\/strong>Theater im Pumpenhaus, Theater M\u00fcnster <strong>F\u00f6rderer <\/strong>Kulturamt der Stadt M\u00fcnster <strong>Dank an <\/strong>Wolfgang T\u00fcrk <strong>In Memoriam <\/strong>Klaus Becker<\/p>\n<\/div>\n<div>\u00a0<\/div>\n<p>Theatertreff<br \/>\nTheater M\u00fcnster<br \/>\nNeubr\u00fcckenstra\u00dfe 63<br \/>\n48143 M\u00fcnster<br \/>\n<br \/>\nSonntag, 17.11.2019 - 11 bis 15 Uhr<\/p>\n<p><img class=\"alignnone wp-image-30779\" src=\"https:\/\/www.pumpenhaus.de\/wp-content\/uploads\/2018\/08\/square.jpg\" alt=\"\" width=\"12\" height=\"12\" \/> Karten ausschlie\u00dflich an der Theaterkasse: 10,-\u20ac \/ erm. 5,-\u20ac; keine Reservierungen m\u00f6glich<\/p>\n<p>&nbsp;<\/p>\n<div class=\"fcbkbttn_buttons_block\" id=\"fcbkbttn_left\"><\/div>\n<\/div>\n<div class=\"fcbkbttn_buttons_block\" id=\"fcbkbttn_left\"><\/div>","protected":false},"excerpt":{"rendered":"<p>\u00a0<\/p>\n","protected":false},"author":6,"featured_media":0,"comment_status":"closed","ping_status":"closed","sticky":false,"template":"","format":"standard","meta":{"ngg_post_thumbnail":0},"categories":[22],"tags":[],"acf":[],"_links":{"self":[{"href":"https:\/\/alt.pumpenhaus.de\/archiv\/wp-json\/wp\/v2\/posts\/33910"}],"collection":[{"href":"https:\/\/alt.pumpenhaus.de\/archiv\/wp-json\/wp\/v2\/posts"}],"about":[{"href":"https:\/\/alt.pumpenhaus.de\/archiv\/wp-json\/wp\/v2\/types\/post"}],"author":[{"embeddable":true,"href":"https:\/\/alt.pumpenhaus.de\/archiv\/wp-json\/wp\/v2\/users\/6"}],"replies":[{"embeddable":true,"href":"https:\/\/alt.pumpenhaus.de\/archiv\/wp-json\/wp\/v2\/comments?post=33910"}],"version-history":[{"count":0,"href":"https:\/\/alt.pumpenhaus.de\/archiv\/wp-json\/wp\/v2\/posts\/33910\/revisions"}],"wp:attachment":[{"href":"https:\/\/alt.pumpenhaus.de\/archiv\/wp-json\/wp\/v2\/media?parent=33910"}],"wp:term":[{"taxonomy":"category","embeddable":true,"href":"https:\/\/alt.pumpenhaus.de\/archiv\/wp-json\/wp\/v2\/categories?post=33910"},{"taxonomy":"post_tag","embeddable":true,"href":"https:\/\/alt.pumpenhaus.de\/archiv\/wp-json\/wp\/v2\/tags?post=33910"}],"curies":[{"name":"wp","href":"https:\/\/api.w.org\/{rel}","templated":true}]}}