{"id":10371,"date":"2013-04-29T04:40:37","date_gmt":"2013-04-29T04:40:37","guid":{"rendered":"http:\/\/pumpenhaus.hvm01.cows.de\/?p=10371"},"modified":"2021-05-07T04:44:13","modified_gmt":"2021-05-07T02:44:13","slug":"kultur-in-munster","status":"publish","type":"post","link":"https:\/\/alt.pumpenhaus.de\/archiv\/10371\/","title":{"rendered":"Kultur in M\u00fcnster"},"content":{"rendered":"<div id=\"gal\"><\/div>\n<div id=\"head1\"><a href=\"#reservieren\">RESERVIEREN<\/a><\/div>\n<div id=\"head2\">Sonderveranstaltung \/\/  Mo 29.04., 19:30 Uhr<\/div>\n<div id=\"head3\">Kultur in M\u00fcnster<\/div>\n<div id=\"head3a\"><\/div>\n<div id=\"head4a\"><\/div>\n<div id=\"txt_oben\"><p><strong>Start der Diskussionsreihe:<\/strong><br \/>\n<strong>Wie viel Kultur braucht eine Stadt \u2013 und wozu?<\/strong><\/p>\n<p>Ulrich Peters (Theater M\u00fcnster), Ludger Schnieder (Theater im Pumpenhaus) und Meinhard Zanger (Wolfgang Borchert Theater) laden zu einer Diskussionsreihe ins Kleine Haus des Theater M\u00fcnster ein. Zum Auftakt wird sich ein regional und \u00fcberregional besetztes Podium der Frage nach Rolle und Funktion der Darstellenden K\u00fcnste in unserer Stadtgesellschaft widmen.<\/p>\n<p>Mitglieder des Podiums:<br \/>\nProf. Dr. Ulrike Ha\u00df, Leiterin des Instituts f\u00fcr Theaterwissenschaft an der Ruhr Universit\u00e4t Bochum, Ulrich Khuon, Intendant des Deutschen Theater Berlin und Vorsitzender der Intendantengruppe im Deutschen B\u00fchnenverein<br \/>\nDr. Georg K\u00fcppers, Kulturdezernent der Stadt M\u00fcnchen und Vorsitzender des Kulturausschusses des Deutschen St\u00e4dtetags<br \/>\nMatthias L\u00fcckertz, Vorsitzender der Kaufmannschaft M\u00fcnster und Vorsitzender der \u00bbInitiative Starke Innenstadt\u00ab ISI<br \/>\nProf. Dr. Dr. Thomas Sternberg, MdL NRW, Akademiedirektor Franz Hitze Haus M\u00fcnster<br \/>\nKathrin Tiedemann, K\u00fcnstlerische Leiterin und Gesch\u00e4ftsf\u00fchrerin des FFT D\u00fcsseldorf<\/p>\n<p>Moderation Stefan Keim, WDR<\/p>\n<\/div>\n<div><\/div>\n<div id=\"txt_unten\"><p>&nbsp;<\/p>\n<p><strong>Ort: Theater M\u00fcnster, Kleines Haus, Neubr\u00fcckenstra\u00dfe 63<br \/>\nBeginn: 19.30 Uhr<\/strong><\/p>\n<\/div>\n<div id=\"head5\">Eintritt frei!<\/div>\n<br \/>\n<div class=\"fcbkbttn_buttons_block\" id=\"fcbkbttn_left\"><\/div><\/p>\n<div class=\"fcbkbttn_buttons_block\" id=\"fcbkbttn_left\"><\/div>","protected":false},"excerpt":{"rendered":"<p>RESERVIEREN<\/p>\n","protected":false},"author":2,"featured_media":0,"comment_status":"closed","ping_status":"closed","sticky":false,"template":"","format":"standard","meta":{"ngg_post_thumbnail":0},"categories":[14],"tags":[],"acf":[],"_links":{"self":[{"href":"https:\/\/alt.pumpenhaus.de\/archiv\/wp-json\/wp\/v2\/posts\/10371"}],"collection":[{"href":"https:\/\/alt.pumpenhaus.de\/archiv\/wp-json\/wp\/v2\/posts"}],"about":[{"href":"https:\/\/alt.pumpenhaus.de\/archiv\/wp-json\/wp\/v2\/types\/post"}],"author":[{"embeddable":true,"href":"https:\/\/alt.pumpenhaus.de\/archiv\/wp-json\/wp\/v2\/users\/2"}],"replies":[{"embeddable":true,"href":"https:\/\/alt.pumpenhaus.de\/archiv\/wp-json\/wp\/v2\/comments?post=10371"}],"version-history":[{"count":1,"href":"https:\/\/alt.pumpenhaus.de\/archiv\/wp-json\/wp\/v2\/posts\/10371\/revisions"}],"predecessor-version":[{"id":36210,"href":"https:\/\/alt.pumpenhaus.de\/archiv\/wp-json\/wp\/v2\/posts\/10371\/revisions\/36210"}],"wp:attachment":[{"href":"https:\/\/alt.pumpenhaus.de\/archiv\/wp-json\/wp\/v2\/media?parent=10371"}],"wp:term":[{"taxonomy":"category","embeddable":true,"href":"https:\/\/alt.pumpenhaus.de\/archiv\/wp-json\/wp\/v2\/categories?post=10371"},{"taxonomy":"post_tag","embeddable":true,"href":"https:\/\/alt.pumpenhaus.de\/archiv\/wp-json\/wp\/v2\/tags?post=10371"}],"curies":[{"name":"wp","href":"https:\/\/api.w.org\/{rel}","templated":true}]}}